{"id":5006,"date":"2019-08-05T08:54:11","date_gmt":"2019-08-05T06:54:11","guid":{"rendered":"http:\/\/blog.donpiso.com\/?p=5006"},"modified":"2022-02-24T22:02:54","modified_gmt":"2022-02-24T21:02:54","slug":"precio-la-vivienda-julio-aumenta-586","status":"publish","type":"post","link":"https:\/\/blog.donpiso.com\/precio-la-vivienda-julio-aumenta-586\/","title":{"rendered":"El precio de la vivienda en julio aumenta un 5,86%"},"content":{"rendered":"<p>El precio medio de la vivienda de segunda mano en Espa\u00f1a en el mes de julio se situ\u00f3 en los <strong>1.699 euros por metro cuadrado<\/strong>, seg\u00fan varios informes del sector inmobiliario. De esta forma, se produce una reducci\u00f3n del -0,99% respecto al pasado mes de junio, donde el precio del metro cuadrado se pagaba a 1.716 euros. Sin embargo, se produce un <strong>repunte del 5,68% <\/strong>en comparaci\u00f3n con el mes de julio de 2018, cuando el precio medio se situaba en los 1.605 euros por metro cuadrado. El aumento de los precios esta rozando el techo en muchas localidades donde hay una mayor demanda que oferta.<\/p>\n<p><img decoding=\"async\" loading=\"lazy\" class=\"aligncenter size-full wp-image-5007\" src=\"http:\/\/blog.donpiso.com\/wp-content\/uploads\/2019\/08\/boligrafo.png\" alt=\"boligrafo\" width=\"624\" height=\"311\" srcset=\"https:\/\/blog.donpiso.com\/wp-content\/uploads\/2019\/08\/boligrafo.png 624w, https:\/\/blog.donpiso.com\/wp-content\/uploads\/2019\/08\/boligrafo-300x150.png 300w\" sizes=\"(max-width: 624px) 100vw, 624px\" \/><\/p>\n<p>De esta forma, las regiones m\u00e1s caras durante el mes de julio de 2019 fueron <strong>Baleares<\/strong> (3.053 euros\/m2), <strong>Pa\u00eds<\/strong> <strong>Vasco<\/strong> (2.708 euros\/m2) y <strong>Madrid<\/strong> (2.575 euros\/m2) y en el lado opuesto, como las m\u00e1s baratas se encuentran, Castilla-La Mancha (916 euros\/m2), Extremadura (995 euros\/m2) y Murcia (1.130 euros\/m2). Si se observan los repuntes interanuales m\u00e1s llamativos, Madrid (19,43%) se sit\u00faa a la cabeza seguida de Baleares (17,70%) y Canarias (17,59%), y los ajustes m\u00e1s intensos en La Rioja (-8,31%), Extremadura (-4,82%) y Cantabria (-3,59%).<\/p>\n<p><img decoding=\"async\" loading=\"lazy\" class=\"size-full wp-image-5008\" src=\"http:\/\/blog.donpiso.com\/wp-content\/uploads\/2019\/08\/19367.jpg\" alt=\"Santa Eulalia Eularia des Riu skyline Ibiza at Balearic Islands\" width=\"8646\" height=\"3497\" srcset=\"https:\/\/blog.donpiso.com\/wp-content\/uploads\/2019\/08\/19367.jpg 8646w, https:\/\/blog.donpiso.com\/wp-content\/uploads\/2019\/08\/19367-300x121.jpg 300w, https:\/\/blog.donpiso.com\/wp-content\/uploads\/2019\/08\/19367-768x311.jpg 768w, https:\/\/blog.donpiso.com\/wp-content\/uploads\/2019\/08\/19367-1024x414.jpg 1024w\" sizes=\"(max-width: 8646px) 100vw, 8646px\" \/><\/p>\n<p>Por lo que respecta al precio por provincias, en el mes de julio de 2019 encabeza la clasificaci\u00f3n <strong>Guip\u00fazcoa<\/strong>, con 3.187 euros por metro cuadrado, seguida de <strong>Baleares<\/strong> (3.053 euros\/m2) y <strong>Vizcaya<\/strong> (2.676 euros\/m2). En el lado opuesto se sit\u00faan Cuenca con 705 euros por metro cuadrado, Ciudad Real (790 euros\/m2) y Teruel (816 euros\/m2). Las capitales de provincia que experimentan las subidas m\u00e1s intensas durante el mes de julio fueron en Palma de Mallorca (19,44%), Pamplona (19,12%) y Donostia-San Sebasti\u00e1n (19,01%). Las que m\u00e1s bajaron fueron Logro\u00f1o (-15,77%), Zamora (-14,35%) y Segovia (-5,57%). As\u00ed, ordenando las capitales de provincia por el precio, <strong>Donostia-San Sebasti\u00e1n<\/strong> se sit\u00faa a la cabeza con <strong>4.582 euros<\/strong> por metro cuadrado, seguida de <strong>Barcelona<\/strong> con 4.519 euros por metro cuadrado y <strong>Madrid<\/strong> con 3.964 euros el metro cuadrado. \u00c1vila, fue la capital con los precios m\u00e1s asequibles, con 1.026 euros el metro cuadrado, seguida de Cuenca (1.094 euros\/m2) y Ciudad Real (1.115 euros\/m2).<\/p>\n<p><img decoding=\"async\" loading=\"lazy\" class=\"aligncenter size-full wp-image-5009\" src=\"http:\/\/blog.donpiso.com\/wp-content\/uploads\/2019\/08\/donostia.png\" alt=\"donostia\" width=\"3737\" height=\"1689\" srcset=\"https:\/\/blog.donpiso.com\/wp-content\/uploads\/2019\/08\/donostia.png 3737w, https:\/\/blog.donpiso.com\/wp-content\/uploads\/2019\/08\/donostia-300x136.png 300w, https:\/\/blog.donpiso.com\/wp-content\/uploads\/2019\/08\/donostia-768x347.png 768w, https:\/\/blog.donpiso.com\/wp-content\/uploads\/2019\/08\/donostia-1024x463.png 1024w\" sizes=\"(max-width: 3737px) 100vw, 3737px\" \/><\/p>\n","protected":false},"excerpt":{"rendered":"<p>El precio medio de la vivienda de segunda mano en Espa\u00f1a en el mes de julio se situ\u00f3 en los 1.699 euros por metro cuadrado, seg\u00fan varios informes del sector inmobiliario. De esta forma, se produce una reducci\u00f3n del -0,99% respecto al pasado mes de junio, donde el precio del metro cuadrado se pagaba a [&hellip;]<\/p>\n","protected":false},"author":2,"featured_media":5010,"comment_status":"open","ping_status":"open","sticky":false,"template":"","format":"standard","meta":[],"categories":[19,113,109],"tags":[],"acf":[],"yoast_head":"<!-- This site is optimized with the Yoast SEO plugin v20.9 - https:\/\/yoast.com\/wordpress\/plugins\/seo\/ -->\n<title>El precio de la vivienda en julio aumenta un 5,86% | Donpiso Blog<\/title>\n<meta name=\"robots\" content=\"index, follow, max-snippet:-1, max-image-preview:large, max-video-preview:-1\" \/>\n<link rel=\"canonical\" href=\"https:\/\/blog.donpiso.com\/precio-la-vivienda-julio-aumenta-586\/\" \/>\n<meta property=\"og:locale\" content=\"es_ES\" \/>\n<meta property=\"og:type\" content=\"article\" \/>\n<meta property=\"og:title\" content=\"El precio de la vivienda en julio aumenta un 5,86% | Donpiso Blog\" \/>\n<meta property=\"og:description\" content=\"El precio medio de la vivienda de segunda mano en Espa\u00f1a en el mes de julio se situ\u00f3 en los 1.699 euros por metro cuadrado, seg\u00fan varios informes del sector inmobiliario. De esta forma, se produce una reducci\u00f3n del -0,99% respecto al pasado mes de junio, donde el precio del metro cuadrado se pagaba a [&hellip;]\" \/>\n<meta property=\"og:url\" content=\"https:\/\/blog.donpiso.com\/precio-la-vivienda-julio-aumenta-586\/\" \/>\n<meta property=\"og:site_name\" content=\"Donpiso Blog\" \/>\n<meta property=\"article:published_time\" content=\"2019-08-05T06:54:11+00:00\" \/>\n<meta property=\"article:modified_time\" content=\"2022-02-24T21:02:54+00:00\" \/>\n<meta property=\"og:image\" content=\"https:\/\/blog.donpiso.com\/wp-content\/uploads\/2019\/08\/persona-que-arregla-aumento-monedas-frente-casas-papel-superficie-blanca_23-2148038704.jpg\" \/>\n\t<meta property=\"og:image:width\" content=\"626\" \/>\n\t<meta property=\"og:image:height\" content=\"417\" \/>\n\t<meta property=\"og:image:type\" content=\"image\/jpeg\" \/>\n<meta name=\"author\" content=\"donpiso\" \/>\n<meta name=\"twitter:card\" content=\"summary_large_image\" \/>\n<meta name=\"twitter:label1\" content=\"Escrito por\" \/>\n\t<meta name=\"twitter:data1\" content=\"donpiso\" \/>\n\t<meta name=\"twitter:label2\" content=\"Tiempo de lectura\" \/>\n\t<meta name=\"twitter:data2\" content=\"2 minutos\" \/>\n<script type=\"application\/ld+json\" class=\"yoast-schema-graph\">{\"@context\":\"https:\/\/schema.org\",\"@graph\":[{\"@type\":\"Article\",\"@id\":\"https:\/\/blog.donpiso.com\/precio-la-vivienda-julio-aumenta-586\/#article\",\"isPartOf\":{\"@id\":\"https:\/\/blog.donpiso.com\/precio-la-vivienda-julio-aumenta-586\/\"},\"author\":{\"name\":\"donpiso\",\"@id\":\"https:\/\/blog.donpiso.com\/#\/schema\/person\/157ffbbe0bf219a51ea30d72c1cda65e\"},\"headline\":\"El precio de la vivienda en julio aumenta un 5,86%\",\"datePublished\":\"2019-08-05T06:54:11+00:00\",\"dateModified\":\"2022-02-24T21:02:54+00:00\",\"mainEntityOfPage\":{\"@id\":\"https:\/\/blog.donpiso.com\/precio-la-vivienda-julio-aumenta-586\/\"},\"wordCount\":358,\"commentCount\":0,\"publisher\":{\"@id\":\"https:\/\/blog.donpiso.com\/#organization\"},\"articleSection\":[\"Econom\u00eda\",\"Informes\",\"Recursos\"],\"inLanguage\":\"es\",\"potentialAction\":[{\"@type\":\"CommentAction\",\"name\":\"Comment\",\"target\":[\"https:\/\/blog.donpiso.com\/precio-la-vivienda-julio-aumenta-586\/#respond\"]}]},{\"@type\":\"WebPage\",\"@id\":\"https:\/\/blog.donpiso.com\/precio-la-vivienda-julio-aumenta-586\/\",\"url\":\"https:\/\/blog.donpiso.com\/precio-la-vivienda-julio-aumenta-586\/\",\"name\":\"El precio de la vivienda en julio aumenta un 5,86% | Donpiso Blog\",\"isPartOf\":{\"@id\":\"https:\/\/blog.donpiso.com\/#website\"},\"datePublished\":\"2019-08-05T06:54:11+00:00\",\"dateModified\":\"2022-02-24T21:02:54+00:00\",\"breadcrumb\":{\"@id\":\"https:\/\/blog.donpiso.com\/precio-la-vivienda-julio-aumenta-586\/#breadcrumb\"},\"inLanguage\":\"es\",\"potentialAction\":[{\"@type\":\"ReadAction\",\"target\":[\"https:\/\/blog.donpiso.com\/precio-la-vivienda-julio-aumenta-586\/\"]}]},{\"@type\":\"BreadcrumbList\",\"@id\":\"https:\/\/blog.donpiso.com\/precio-la-vivienda-julio-aumenta-586\/#breadcrumb\",\"itemListElement\":[{\"@type\":\"ListItem\",\"position\":1,\"name\":\"Blog inmobiliario\",\"item\":\"https:\/\/blog.donpiso.com\/\"},{\"@type\":\"ListItem\",\"position\":2,\"name\":\"Econom\u00eda\",\"item\":\"https:\/\/blog.donpiso.com\/economia\/\"},{\"@type\":\"ListItem\",\"position\":3,\"name\":\"El precio de la vivienda en julio aumenta un 5,86%\"}]},{\"@type\":\"WebSite\",\"@id\":\"https:\/\/blog.donpiso.com\/#website\",\"url\":\"https:\/\/blog.donpiso.com\/\",\"name\":\"Donpiso Blog\",\"description\":\"Blog de noticias inmobiliarias de donpiso\",\"publisher\":{\"@id\":\"https:\/\/blog.donpiso.com\/#organization\"},\"potentialAction\":[{\"@type\":\"SearchAction\",\"target\":{\"@type\":\"EntryPoint\",\"urlTemplate\":\"https:\/\/blog.donpiso.com\/?s={search_term_string}\"},\"query-input\":\"required name=search_term_string\"}],\"inLanguage\":\"es\"},{\"@type\":\"Organization\",\"@id\":\"https:\/\/blog.donpiso.com\/#organization\",\"name\":\"donpiso\",\"url\":\"https:\/\/blog.donpiso.com\/\",\"logo\":{\"@type\":\"ImageObject\",\"inLanguage\":\"es\",\"@id\":\"https:\/\/blog.donpiso.com\/#\/schema\/logo\/image\/\",\"url\":\"https:\/\/blog.donpiso.com\/wp-content\/uploads\/2022\/10\/donpiso-logo.png\",\"contentUrl\":\"https:\/\/blog.donpiso.com\/wp-content\/uploads\/2022\/10\/donpiso-logo.png\",\"width\":250,\"height\":250,\"caption\":\"donpiso\"},\"image\":{\"@id\":\"https:\/\/blog.donpiso.com\/#\/schema\/logo\/image\/\"}},{\"@type\":\"Person\",\"@id\":\"https:\/\/blog.donpiso.com\/#\/schema\/person\/157ffbbe0bf219a51ea30d72c1cda65e\",\"name\":\"donpiso\",\"image\":{\"@type\":\"ImageObject\",\"inLanguage\":\"es\",\"@id\":\"https:\/\/blog.donpiso.com\/#\/schema\/person\/image\/\",\"url\":\"https:\/\/secure.gravatar.com\/avatar\/46a4caeb66162ebf3a3db3be7a8b2ee1?s=96&d=mm&r=g\",\"contentUrl\":\"https:\/\/secure.gravatar.com\/avatar\/46a4caeb66162ebf3a3db3be7a8b2ee1?s=96&d=mm&r=g\",\"caption\":\"donpiso\"},\"sameAs\":[\"http:\/\/www.donpiso.com\"],\"url\":\"https:\/\/blog.donpiso.com\/author\/donpiso\/\"}]}<\/script>\n<!-- \/ Yoast SEO plugin. -->","yoast_head_json":{"title":"El precio de la vivienda en julio aumenta un 5,86% | Donpiso Blog","robots":{"index":"index","follow":"follow","max-snippet":"max-snippet:-1","max-image-preview":"max-image-preview:large","max-video-preview":"max-video-preview:-1"},"canonical":"https:\/\/blog.donpiso.com\/precio-la-vivienda-julio-aumenta-586\/","og_locale":"es_ES","og_type":"article","og_title":"El precio de la vivienda en julio aumenta un 5,86% | Donpiso Blog","og_description":"El precio medio de la vivienda de segunda mano en Espa\u00f1a en el mes de julio se situ\u00f3 en los 1.699 euros por metro cuadrado, seg\u00fan varios informes del sector inmobiliario. De esta forma, se produce una reducci\u00f3n del -0,99% respecto al pasado mes de junio, donde el precio del metro cuadrado se pagaba a [&hellip;]","og_url":"https:\/\/blog.donpiso.com\/precio-la-vivienda-julio-aumenta-586\/","og_site_name":"Donpiso Blog","article_published_time":"2019-08-05T06:54:11+00:00","article_modified_time":"2022-02-24T21:02:54+00:00","og_image":[{"width":626,"height":417,"url":"https:\/\/blog.donpiso.com\/wp-content\/uploads\/2019\/08\/persona-que-arregla-aumento-monedas-frente-casas-papel-superficie-blanca_23-2148038704.jpg","type":"image\/jpeg"}],"author":"donpiso","twitter_card":"summary_large_image","twitter_misc":{"Escrito por":"donpiso","Tiempo de lectura":"2 minutos"},"schema":{"@context":"https:\/\/schema.org","@graph":[{"@type":"Article","@id":"https:\/\/blog.donpiso.com\/precio-la-vivienda-julio-aumenta-586\/#article","isPartOf":{"@id":"https:\/\/blog.donpiso.com\/precio-la-vivienda-julio-aumenta-586\/"},"author":{"name":"donpiso","@id":"https:\/\/blog.donpiso.com\/#\/schema\/person\/157ffbbe0bf219a51ea30d72c1cda65e"},"headline":"El precio de la vivienda en julio aumenta un 5,86%","datePublished":"2019-08-05T06:54:11+00:00","dateModified":"2022-02-24T21:02:54+00:00","mainEntityOfPage":{"@id":"https:\/\/blog.donpiso.com\/precio-la-vivienda-julio-aumenta-586\/"},"wordCount":358,"commentCount":0,"publisher":{"@id":"https:\/\/blog.donpiso.com\/#organization"},"articleSection":["Econom\u00eda","Informes","Recursos"],"inLanguage":"es","potentialAction":[{"@type":"CommentAction","name":"Comment","target":["https:\/\/blog.donpiso.com\/precio-la-vivienda-julio-aumenta-586\/#respond"]}]},{"@type":"WebPage","@id":"https:\/\/blog.donpiso.com\/precio-la-vivienda-julio-aumenta-586\/","url":"https:\/\/blog.donpiso.com\/precio-la-vivienda-julio-aumenta-586\/","name":"El precio de la vivienda en julio aumenta un 5,86% | Donpiso Blog","isPartOf":{"@id":"https:\/\/blog.donpiso.com\/#website"},"datePublished":"2019-08-05T06:54:11+00:00","dateModified":"2022-02-24T21:02:54+00:00","breadcrumb":{"@id":"https:\/\/blog.donpiso.com\/precio-la-vivienda-julio-aumenta-586\/#breadcrumb"},"inLanguage":"es","potentialAction":[{"@type":"ReadAction","target":["https:\/\/blog.donpiso.com\/precio-la-vivienda-julio-aumenta-586\/"]}]},{"@type":"BreadcrumbList","@id":"https:\/\/blog.donpiso.com\/precio-la-vivienda-julio-aumenta-586\/#breadcrumb","itemListElement":[{"@type":"ListItem","position":1,"name":"Blog inmobiliario","item":"https:\/\/blog.donpiso.com\/"},{"@type":"ListItem","position":2,"name":"Econom\u00eda","item":"https:\/\/blog.donpiso.com\/economia\/"},{"@type":"ListItem","position":3,"name":"El precio de la vivienda en julio aumenta un 5,86%"}]},{"@type":"WebSite","@id":"https:\/\/blog.donpiso.com\/#website","url":"https:\/\/blog.donpiso.com\/","name":"Donpiso Blog","description":"Blog de noticias inmobiliarias de donpiso","publisher":{"@id":"https:\/\/blog.donpiso.com\/#organization"},"potentialAction":[{"@type":"SearchAction","target":{"@type":"EntryPoint","urlTemplate":"https:\/\/blog.donpiso.com\/?s={search_term_string}"},"query-input":"required name=search_term_string"}],"inLanguage":"es"},{"@type":"Organization","@id":"https:\/\/blog.donpiso.com\/#organization","name":"donpiso","url":"https:\/\/blog.donpiso.com\/","logo":{"@type":"ImageObject","inLanguage":"es","@id":"https:\/\/blog.donpiso.com\/#\/schema\/logo\/image\/","url":"https:\/\/blog.donpiso.com\/wp-content\/uploads\/2022\/10\/donpiso-logo.png","contentUrl":"https:\/\/blog.donpiso.com\/wp-content\/uploads\/2022\/10\/donpiso-logo.png","width":250,"height":250,"caption":"donpiso"},"image":{"@id":"https:\/\/blog.donpiso.com\/#\/schema\/logo\/image\/"}},{"@type":"Person","@id":"https:\/\/blog.donpiso.com\/#\/schema\/person\/157ffbbe0bf219a51ea30d72c1cda65e","name":"donpiso","image":{"@type":"ImageObject","inLanguage":"es","@id":"https:\/\/blog.donpiso.com\/#\/schema\/person\/image\/","url":"https:\/\/secure.gravatar.com\/avatar\/46a4caeb66162ebf3a3db3be7a8b2ee1?s=96&d=mm&r=g","contentUrl":"https:\/\/secure.gravatar.com\/avatar\/46a4caeb66162ebf3a3db3be7a8b2ee1?s=96&d=mm&r=g","caption":"donpiso"},"sameAs":["http:\/\/www.donpiso.com"],"url":"https:\/\/blog.donpiso.com\/author\/donpiso\/"}]}},"_links":{"self":[{"href":"https:\/\/blog.donpiso.com\/wp-json\/wp\/v2\/posts\/5006"}],"collection":[{"href":"https:\/\/blog.donpiso.com\/wp-json\/wp\/v2\/posts"}],"about":[{"href":"https:\/\/blog.donpiso.com\/wp-json\/wp\/v2\/types\/post"}],"author":[{"embeddable":true,"href":"https:\/\/blog.donpiso.com\/wp-json\/wp\/v2\/users\/2"}],"replies":[{"embeddable":true,"href":"https:\/\/blog.donpiso.com\/wp-json\/wp\/v2\/comments?post=5006"}],"version-history":[{"count":2,"href":"https:\/\/blog.donpiso.com\/wp-json\/wp\/v2\/posts\/5006\/revisions"}],"predecessor-version":[{"id":5012,"href":"https:\/\/blog.donpiso.com\/wp-json\/wp\/v2\/posts\/5006\/revisions\/5012"}],"wp:featuredmedia":[{"embeddable":true,"href":"https:\/\/blog.donpiso.com\/wp-json\/wp\/v2\/media\/5010"}],"wp:attachment":[{"href":"https:\/\/blog.donpiso.com\/wp-json\/wp\/v2\/media?parent=5006"}],"wp:term":[{"taxonomy":"category","embeddable":true,"href":"https:\/\/blog.donpiso.com\/wp-json\/wp\/v2\/categories?post=5006"},{"taxonomy":"post_tag","embeddable":true,"href":"https:\/\/blog.donpiso.com\/wp-json\/wp\/v2\/tags?post=5006"}],"curies":[{"name":"wp","href":"https:\/\/api.w.org\/{rel}","templated":true}]}}