{"id":6015,"date":"2020-06-26T11:59:17","date_gmt":"2020-06-26T09:59:17","guid":{"rendered":"http:\/\/blog.donpiso.com\/?p=6015"},"modified":"2020-06-26T12:59:40","modified_gmt":"2020-06-26T10:59:40","slug":"no-habra-una-gran-caida-reajuste-precios-la-vivienda","status":"publish","type":"post","link":"https:\/\/blog.donpiso.com\/no-habra-una-gran-caida-reajuste-precios-la-vivienda\/","title":{"rendered":"\u00abNo habr\u00e1 una gran ca\u00edda, s\u00ed un reajuste de precios de la vivienda\u00bb"},"content":{"rendered":"<p style=\"text-align: center;\"><iframe loading=\"lazy\" title=\"Donpiso nos informa de como est\u00e1 siendo la situaci\u00f3n inmobiliaria tras el estado de alarma\" width=\"800\" height=\"450\" src=\"https:\/\/www.youtube.com\/embed\/jB6eNS5FhjY?feature=oembed\" frameborder=\"0\" allow=\"accelerometer; autoplay; clipboard-write; encrypted-media; gyroscope; picture-in-picture; web-share\" allowfullscreen><\/iframe><\/p>\n<p style=\"text-align: center;\">ENTREVISTA A JES\u00daS ORTEGA<\/p>\n<p>&nbsp;<\/p>\n<p>\u201cNo habr\u00e1 una gran ca\u00edda de precios de la vivienda, s\u00ed un reajuste\u201d. As\u00ed lo explic\u00f3 Jes\u00fas Ortega, delegado de la red de oficinas donpiso en Valencia, en el programa <em>7 al d\u00eda<\/em> de TeleValencia, que quiso contar con donpiso para realizar una radiograf\u00eda del sector residencial en la capital valenciana.<\/p>\n<p>Ortega destac\u00f3 que, desde hace un mes, <strong>\u201cnotamos una cierta recuperaci\u00f3n<\/strong> y un aumento del inter\u00e9s por parte de los compradores\u201d, y prev\u00e9 que la recuperaci\u00f3n se consolide a finales de a\u00f1o. <strong>\u201cEn el primer semestre de 2021 volveremos a tener \u00edndices alcistas\u201d<\/strong>, apunt\u00f3.<\/p>\n<p>Asimismo, el delegado\u00a0de la red donpiso en Valencia valor\u00f3 el alza de algunos distritos de Valencia, como<strong> Extramurs, uno de los barrios emergentes de la capital<\/strong>, y \u201cel que m\u00e1s est\u00e1 manteniendo los precios\u201d. Igualmente, est\u00e1n muy consolidadas zonas neur\u00e1lgicas de la ciudad como el Centro, Ciutat Vella y el Ensanche.<\/p>\n<p>Por \u00faltimo, <strong>el mercado del alquiler se mantendr\u00e1 \u201cestable\u201d durante 2020<\/strong>, tras a\u00f1os de incrementos en demanda y en precios en Valencia, \u201caunque actualmente hay un aumento de la oferta que permitir\u00e1 un peque\u00f1o ajuste\u201d, ha explicado Ortega.<\/p>\n","protected":false},"excerpt":{"rendered":"<p>ENTREVISTA A JES\u00daS ORTEGA &nbsp; \u201cNo habr\u00e1 una gran ca\u00edda de precios de la vivienda, s\u00ed un reajuste\u201d. As\u00ed lo explic\u00f3 Jes\u00fas Ortega, delegado de la red de oficinas donpiso en Valencia, en el programa 7 al d\u00eda de TeleValencia, que quiso contar con donpiso para realizar una radiograf\u00eda del sector residencial en la capital [&hellip;]<\/p>\n","protected":false},"author":2,"featured_media":6016,"comment_status":"open","ping_status":"open","sticky":false,"template":"","format":"standard","meta":[],"categories":[98,18,3],"tags":[33,57,42,27],"acf":[],"yoast_head":"<!-- This site is optimized with the Yoast SEO plugin v20.9 - https:\/\/yoast.com\/wordpress\/plugins\/seo\/ -->\n<title>&quot;No habr\u00e1 una gran ca\u00edda, s\u00ed un reajuste de precios de la vivienda&quot; | Donpiso Blog<\/title>\n<meta name=\"robots\" content=\"index, follow, max-snippet:-1, max-image-preview:large, max-video-preview:-1\" \/>\n<link rel=\"canonical\" href=\"https:\/\/blog.donpiso.com\/no-habra-una-gran-caida-reajuste-precios-la-vivienda\/\" \/>\n<meta property=\"og:locale\" content=\"es_ES\" \/>\n<meta property=\"og:type\" content=\"article\" \/>\n<meta property=\"og:title\" content=\"&quot;No habr\u00e1 una gran ca\u00edda, s\u00ed un reajuste de precios de la vivienda&quot; | Donpiso Blog\" \/>\n<meta property=\"og:description\" content=\"ENTREVISTA A JES\u00daS ORTEGA &nbsp; \u201cNo habr\u00e1 una gran ca\u00edda de precios de la vivienda, s\u00ed un reajuste\u201d. As\u00ed lo explic\u00f3 Jes\u00fas Ortega, delegado de la red de oficinas donpiso en Valencia, en el programa 7 al d\u00eda de TeleValencia, que quiso contar con donpiso para realizar una radiograf\u00eda del sector residencial en la capital [&hellip;]\" \/>\n<meta property=\"og:url\" content=\"https:\/\/blog.donpiso.com\/no-habra-una-gran-caida-reajuste-precios-la-vivienda\/\" \/>\n<meta property=\"og:site_name\" content=\"Donpiso Blog\" \/>\n<meta property=\"article:published_time\" content=\"2020-06-26T09:59:17+00:00\" \/>\n<meta property=\"article:modified_time\" content=\"2020-06-26T10:59:40+00:00\" \/>\n<meta property=\"og:image\" content=\"https:\/\/blog.donpiso.com\/wp-content\/uploads\/2020\/06\/jesus-ortega-donpiso-televalencia.png\" \/>\n\t<meta property=\"og:image:width\" content=\"1365\" \/>\n\t<meta property=\"og:image:height\" content=\"633\" \/>\n\t<meta property=\"og:image:type\" content=\"image\/png\" \/>\n<meta name=\"author\" content=\"donpiso\" \/>\n<meta name=\"twitter:card\" content=\"summary_large_image\" \/>\n<meta name=\"twitter:label1\" content=\"Escrito por\" \/>\n\t<meta name=\"twitter:data1\" content=\"donpiso\" \/>\n\t<meta name=\"twitter:label2\" content=\"Tiempo de lectura\" \/>\n\t<meta name=\"twitter:data2\" content=\"1 minuto\" \/>\n<script type=\"application\/ld+json\" class=\"yoast-schema-graph\">{\"@context\":\"https:\/\/schema.org\",\"@graph\":[{\"@type\":\"Article\",\"@id\":\"https:\/\/blog.donpiso.com\/no-habra-una-gran-caida-reajuste-precios-la-vivienda\/#article\",\"isPartOf\":{\"@id\":\"https:\/\/blog.donpiso.com\/no-habra-una-gran-caida-reajuste-precios-la-vivienda\/\"},\"author\":{\"name\":\"donpiso\",\"@id\":\"https:\/\/blog.donpiso.com\/#\/schema\/person\/157ffbbe0bf219a51ea30d72c1cda65e\"},\"headline\":\"\u00abNo habr\u00e1 una gran ca\u00edda, s\u00ed un reajuste de precios de la vivienda\u00bb\",\"datePublished\":\"2020-06-26T09:59:17+00:00\",\"dateModified\":\"2020-06-26T10:59:40+00:00\",\"mainEntityOfPage\":{\"@id\":\"https:\/\/blog.donpiso.com\/no-habra-una-gran-caida-reajuste-precios-la-vivienda\/\"},\"wordCount\":224,\"commentCount\":0,\"publisher\":{\"@id\":\"https:\/\/blog.donpiso.com\/#organization\"},\"keywords\":[\"alquiler\",\"compraventa\",\"inmobiliaria\",\"vivienda\"],\"articleSection\":[\"Actualidad\",\"donpiso\",\"Venta\"],\"inLanguage\":\"es\",\"potentialAction\":[{\"@type\":\"CommentAction\",\"name\":\"Comment\",\"target\":[\"https:\/\/blog.donpiso.com\/no-habra-una-gran-caida-reajuste-precios-la-vivienda\/#respond\"]}]},{\"@type\":\"WebPage\",\"@id\":\"https:\/\/blog.donpiso.com\/no-habra-una-gran-caida-reajuste-precios-la-vivienda\/\",\"url\":\"https:\/\/blog.donpiso.com\/no-habra-una-gran-caida-reajuste-precios-la-vivienda\/\",\"name\":\"\\\"No habr\u00e1 una gran ca\u00edda, s\u00ed un reajuste de precios de la vivienda\\\" | Donpiso Blog\",\"isPartOf\":{\"@id\":\"https:\/\/blog.donpiso.com\/#website\"},\"datePublished\":\"2020-06-26T09:59:17+00:00\",\"dateModified\":\"2020-06-26T10:59:40+00:00\",\"breadcrumb\":{\"@id\":\"https:\/\/blog.donpiso.com\/no-habra-una-gran-caida-reajuste-precios-la-vivienda\/#breadcrumb\"},\"inLanguage\":\"es\",\"potentialAction\":[{\"@type\":\"ReadAction\",\"target\":[\"https:\/\/blog.donpiso.com\/no-habra-una-gran-caida-reajuste-precios-la-vivienda\/\"]}]},{\"@type\":\"BreadcrumbList\",\"@id\":\"https:\/\/blog.donpiso.com\/no-habra-una-gran-caida-reajuste-precios-la-vivienda\/#breadcrumb\",\"itemListElement\":[{\"@type\":\"ListItem\",\"position\":1,\"name\":\"Blog inmobiliario\",\"item\":\"https:\/\/blog.donpiso.com\/\"},{\"@type\":\"ListItem\",\"position\":2,\"name\":\"Actualidad\",\"item\":\"https:\/\/blog.donpiso.com\/actualidad\/\"},{\"@type\":\"ListItem\",\"position\":3,\"name\":\"\u00abNo habr\u00e1 una gran ca\u00edda, s\u00ed un reajuste de precios de la vivienda\u00bb\"}]},{\"@type\":\"WebSite\",\"@id\":\"https:\/\/blog.donpiso.com\/#website\",\"url\":\"https:\/\/blog.donpiso.com\/\",\"name\":\"Donpiso Blog\",\"description\":\"Blog de noticias inmobiliarias de donpiso\",\"publisher\":{\"@id\":\"https:\/\/blog.donpiso.com\/#organization\"},\"potentialAction\":[{\"@type\":\"SearchAction\",\"target\":{\"@type\":\"EntryPoint\",\"urlTemplate\":\"https:\/\/blog.donpiso.com\/?s={search_term_string}\"},\"query-input\":\"required name=search_term_string\"}],\"inLanguage\":\"es\"},{\"@type\":\"Organization\",\"@id\":\"https:\/\/blog.donpiso.com\/#organization\",\"name\":\"donpiso\",\"url\":\"https:\/\/blog.donpiso.com\/\",\"logo\":{\"@type\":\"ImageObject\",\"inLanguage\":\"es\",\"@id\":\"https:\/\/blog.donpiso.com\/#\/schema\/logo\/image\/\",\"url\":\"https:\/\/blog.donpiso.com\/wp-content\/uploads\/2022\/10\/donpiso-logo.png\",\"contentUrl\":\"https:\/\/blog.donpiso.com\/wp-content\/uploads\/2022\/10\/donpiso-logo.png\",\"width\":250,\"height\":250,\"caption\":\"donpiso\"},\"image\":{\"@id\":\"https:\/\/blog.donpiso.com\/#\/schema\/logo\/image\/\"}},{\"@type\":\"Person\",\"@id\":\"https:\/\/blog.donpiso.com\/#\/schema\/person\/157ffbbe0bf219a51ea30d72c1cda65e\",\"name\":\"donpiso\",\"image\":{\"@type\":\"ImageObject\",\"inLanguage\":\"es\",\"@id\":\"https:\/\/blog.donpiso.com\/#\/schema\/person\/image\/\",\"url\":\"https:\/\/secure.gravatar.com\/avatar\/46a4caeb66162ebf3a3db3be7a8b2ee1?s=96&d=mm&r=g\",\"contentUrl\":\"https:\/\/secure.gravatar.com\/avatar\/46a4caeb66162ebf3a3db3be7a8b2ee1?s=96&d=mm&r=g\",\"caption\":\"donpiso\"},\"sameAs\":[\"http:\/\/www.donpiso.com\"],\"url\":\"https:\/\/blog.donpiso.com\/author\/donpiso\/\"}]}<\/script>\n<!-- \/ Yoast SEO plugin. -->","yoast_head_json":{"title":"\"No habr\u00e1 una gran ca\u00edda, s\u00ed un reajuste de precios de la vivienda\" | Donpiso Blog","robots":{"index":"index","follow":"follow","max-snippet":"max-snippet:-1","max-image-preview":"max-image-preview:large","max-video-preview":"max-video-preview:-1"},"canonical":"https:\/\/blog.donpiso.com\/no-habra-una-gran-caida-reajuste-precios-la-vivienda\/","og_locale":"es_ES","og_type":"article","og_title":"\"No habr\u00e1 una gran ca\u00edda, s\u00ed un reajuste de precios de la vivienda\" | Donpiso Blog","og_description":"ENTREVISTA A JES\u00daS ORTEGA &nbsp; \u201cNo habr\u00e1 una gran ca\u00edda de precios de la vivienda, s\u00ed un reajuste\u201d. As\u00ed lo explic\u00f3 Jes\u00fas Ortega, delegado de la red de oficinas donpiso en Valencia, en el programa 7 al d\u00eda de TeleValencia, que quiso contar con donpiso para realizar una radiograf\u00eda del sector residencial en la capital [&hellip;]","og_url":"https:\/\/blog.donpiso.com\/no-habra-una-gran-caida-reajuste-precios-la-vivienda\/","og_site_name":"Donpiso Blog","article_published_time":"2020-06-26T09:59:17+00:00","article_modified_time":"2020-06-26T10:59:40+00:00","og_image":[{"width":1365,"height":633,"url":"https:\/\/blog.donpiso.com\/wp-content\/uploads\/2020\/06\/jesus-ortega-donpiso-televalencia.png","type":"image\/png"}],"author":"donpiso","twitter_card":"summary_large_image","twitter_misc":{"Escrito por":"donpiso","Tiempo de lectura":"1 minuto"},"schema":{"@context":"https:\/\/schema.org","@graph":[{"@type":"Article","@id":"https:\/\/blog.donpiso.com\/no-habra-una-gran-caida-reajuste-precios-la-vivienda\/#article","isPartOf":{"@id":"https:\/\/blog.donpiso.com\/no-habra-una-gran-caida-reajuste-precios-la-vivienda\/"},"author":{"name":"donpiso","@id":"https:\/\/blog.donpiso.com\/#\/schema\/person\/157ffbbe0bf219a51ea30d72c1cda65e"},"headline":"\u00abNo habr\u00e1 una gran ca\u00edda, s\u00ed un reajuste de precios de la vivienda\u00bb","datePublished":"2020-06-26T09:59:17+00:00","dateModified":"2020-06-26T10:59:40+00:00","mainEntityOfPage":{"@id":"https:\/\/blog.donpiso.com\/no-habra-una-gran-caida-reajuste-precios-la-vivienda\/"},"wordCount":224,"commentCount":0,"publisher":{"@id":"https:\/\/blog.donpiso.com\/#organization"},"keywords":["alquiler","compraventa","inmobiliaria","vivienda"],"articleSection":["Actualidad","donpiso","Venta"],"inLanguage":"es","potentialAction":[{"@type":"CommentAction","name":"Comment","target":["https:\/\/blog.donpiso.com\/no-habra-una-gran-caida-reajuste-precios-la-vivienda\/#respond"]}]},{"@type":"WebPage","@id":"https:\/\/blog.donpiso.com\/no-habra-una-gran-caida-reajuste-precios-la-vivienda\/","url":"https:\/\/blog.donpiso.com\/no-habra-una-gran-caida-reajuste-precios-la-vivienda\/","name":"\"No habr\u00e1 una gran ca\u00edda, s\u00ed un reajuste de precios de la vivienda\" | Donpiso Blog","isPartOf":{"@id":"https:\/\/blog.donpiso.com\/#website"},"datePublished":"2020-06-26T09:59:17+00:00","dateModified":"2020-06-26T10:59:40+00:00","breadcrumb":{"@id":"https:\/\/blog.donpiso.com\/no-habra-una-gran-caida-reajuste-precios-la-vivienda\/#breadcrumb"},"inLanguage":"es","potentialAction":[{"@type":"ReadAction","target":["https:\/\/blog.donpiso.com\/no-habra-una-gran-caida-reajuste-precios-la-vivienda\/"]}]},{"@type":"BreadcrumbList","@id":"https:\/\/blog.donpiso.com\/no-habra-una-gran-caida-reajuste-precios-la-vivienda\/#breadcrumb","itemListElement":[{"@type":"ListItem","position":1,"name":"Blog inmobiliario","item":"https:\/\/blog.donpiso.com\/"},{"@type":"ListItem","position":2,"name":"Actualidad","item":"https:\/\/blog.donpiso.com\/actualidad\/"},{"@type":"ListItem","position":3,"name":"\u00abNo habr\u00e1 una gran ca\u00edda, s\u00ed un reajuste de precios de la vivienda\u00bb"}]},{"@type":"WebSite","@id":"https:\/\/blog.donpiso.com\/#website","url":"https:\/\/blog.donpiso.com\/","name":"Donpiso Blog","description":"Blog de noticias inmobiliarias de donpiso","publisher":{"@id":"https:\/\/blog.donpiso.com\/#organization"},"potentialAction":[{"@type":"SearchAction","target":{"@type":"EntryPoint","urlTemplate":"https:\/\/blog.donpiso.com\/?s={search_term_string}"},"query-input":"required name=search_term_string"}],"inLanguage":"es"},{"@type":"Organization","@id":"https:\/\/blog.donpiso.com\/#organization","name":"donpiso","url":"https:\/\/blog.donpiso.com\/","logo":{"@type":"ImageObject","inLanguage":"es","@id":"https:\/\/blog.donpiso.com\/#\/schema\/logo\/image\/","url":"https:\/\/blog.donpiso.com\/wp-content\/uploads\/2022\/10\/donpiso-logo.png","contentUrl":"https:\/\/blog.donpiso.com\/wp-content\/uploads\/2022\/10\/donpiso-logo.png","width":250,"height":250,"caption":"donpiso"},"image":{"@id":"https:\/\/blog.donpiso.com\/#\/schema\/logo\/image\/"}},{"@type":"Person","@id":"https:\/\/blog.donpiso.com\/#\/schema\/person\/157ffbbe0bf219a51ea30d72c1cda65e","name":"donpiso","image":{"@type":"ImageObject","inLanguage":"es","@id":"https:\/\/blog.donpiso.com\/#\/schema\/person\/image\/","url":"https:\/\/secure.gravatar.com\/avatar\/46a4caeb66162ebf3a3db3be7a8b2ee1?s=96&d=mm&r=g","contentUrl":"https:\/\/secure.gravatar.com\/avatar\/46a4caeb66162ebf3a3db3be7a8b2ee1?s=96&d=mm&r=g","caption":"donpiso"},"sameAs":["http:\/\/www.donpiso.com"],"url":"https:\/\/blog.donpiso.com\/author\/donpiso\/"}]}},"_links":{"self":[{"href":"https:\/\/blog.donpiso.com\/wp-json\/wp\/v2\/posts\/6015"}],"collection":[{"href":"https:\/\/blog.donpiso.com\/wp-json\/wp\/v2\/posts"}],"about":[{"href":"https:\/\/blog.donpiso.com\/wp-json\/wp\/v2\/types\/post"}],"author":[{"embeddable":true,"href":"https:\/\/blog.donpiso.com\/wp-json\/wp\/v2\/users\/2"}],"replies":[{"embeddable":true,"href":"https:\/\/blog.donpiso.com\/wp-json\/wp\/v2\/comments?post=6015"}],"version-history":[{"count":8,"href":"https:\/\/blog.donpiso.com\/wp-json\/wp\/v2\/posts\/6015\/revisions"}],"predecessor-version":[{"id":6024,"href":"https:\/\/blog.donpiso.com\/wp-json\/wp\/v2\/posts\/6015\/revisions\/6024"}],"wp:featuredmedia":[{"embeddable":true,"href":"https:\/\/blog.donpiso.com\/wp-json\/wp\/v2\/media\/6016"}],"wp:attachment":[{"href":"https:\/\/blog.donpiso.com\/wp-json\/wp\/v2\/media?parent=6015"}],"wp:term":[{"taxonomy":"category","embeddable":true,"href":"https:\/\/blog.donpiso.com\/wp-json\/wp\/v2\/categories?post=6015"},{"taxonomy":"post_tag","embeddable":true,"href":"https:\/\/blog.donpiso.com\/wp-json\/wp\/v2\/tags?post=6015"}],"curies":[{"name":"wp","href":"https:\/\/api.w.org\/{rel}","templated":true}]}}