{"id":7995,"date":"2023-01-12T13:35:22","date_gmt":"2023-01-12T12:35:22","guid":{"rendered":"http:\/\/blog.donpiso.com\/?p=7995"},"modified":"2023-01-12T13:35:22","modified_gmt":"2023-01-12T12:35:22","slug":"emiliano-bermudez-enfriamiento-del-sector-inmobiliario-se-prolongara-2023","status":"publish","type":"post","link":"https:\/\/blog.donpiso.com\/emiliano-bermudez-enfriamiento-del-sector-inmobiliario-se-prolongara-2023\/","title":{"rendered":"Emiliano Berm\u00fadez: El enfriamiento del sector inmobiliario se prolongar\u00e1 en 2023"},"content":{"rendered":"<p>Emiliano Berm\u00fadez, subdirector general de donpiso, analiza el panorama general del sector inmobiliario y las tendencias para el pr\u00f3ximo a\u00f1o.<\/p>\n<ul>\n<li><em>\u00bfCu\u00e1l es la situaci\u00f3n actual del mercado inmobiliario? <\/em><\/li>\n<\/ul>\n<p>Los \u00faltimos datos que estamos recogiendo a partir de fuentes como el Instituto Nacional de Estad\u00edstica (INE), Fomento, Registradores y notarios nos muestran que el mercado inmobiliario aguanta. Aunque a medida que pasan los meses, algunos ratios empiezan a recoger esa subida de tipos y ese enfriamiento que ha empezado a producirse en el sector y que se va a prolongar en los pr\u00f3ximos trimestres del a\u00f1o 2023.<\/p>\n<ul>\n<li><em>Centr\u00e1ndonos en la demanda de vivienda, con la actual situaci\u00f3n econ\u00f3mica, \u00bfcree que la gente seguir\u00e1 comprando vivienda como hasta ahora? <\/em><\/li>\n<\/ul>\n<p>En este sentido, una de las consecuencias directas de la subida de los tipos de inter\u00e9s en el sector inmobiliario es que dificulta el acceso a una hipoteca, adem\u00e1s de encarecer el precio de las mismas. Esto se va a traducir en un decrecimiento de la actividad, que se ver\u00e1 de manera paulatina en el primer y segundo trimestre del 2023.<\/p>\n<ul>\n<li><em>\u00bfCree que est\u00e1 situaci\u00f3n influir\u00e1 tambi\u00e9n en el aumento de los precios de la vivienda? <\/em><\/li>\n<\/ul>\n<p>En los primeros trimestres vamos a ver que esa tendencia de menor crecimiento e incluso, en un momento determinado, de bajadas reales del precio de la vivienda, se puede producir, pero insisto de una manera m\u00e1s moderada.<\/p>\n<p>Hay que tener en cuenta que ante la ca\u00edda de la demanda no se produce de manera inmediata una ca\u00edda del precio, tiene que pasar un periodo de tiempo y entonces veremos el efecto de la subida de precios.<\/p>\n<ul>\n<li><em>\u00bfSigue siendo buen momento para comprar? \u00bfQu\u00e9 consejo les dar\u00eda a aquellas personas que quieran comprar? <\/em><\/li>\n<\/ul>\n<p>Es curioso porque en estos momentos se produce algo muy significativo y es que es un buen momento para el que compra y tambi\u00e9n es un buen momento para el que vende. Estamos en esa fase en la que el mercado cambia de tendencia, pero los cambios de tendencia no se producen con magnitudes muy explosivas, por lo que, al final, al que compra le conviene hacerlo cuanto antes si ve una vivienda que le interesa.<\/p>\n<p>Para el propietario que quiere vender tambi\u00e9n es buen momento, porque no se expone a una bajada de precios que, aunque sea moderada, se va a producir.<\/p>\n<ul>\n<li><em>\u00bfCu\u00e1l cree que ser\u00e1 la tendencia que marcar\u00e1 el sector inmobiliario en 2023? <\/em><\/li>\n<\/ul>\n<p>Hemos de tener en cuenta una serie de factores que afectan al mercado: la Guerra de Ucrania, los problemas inflacionistas, que ha provocado a su vez una incertidumbre en torno a la econom\u00eda mundial y espa\u00f1ola. A todo esto debemos a\u00f1adir los factores internos y caracter\u00edsticos de nuestro pa\u00eds, en otras palabras: el empleo, la duda p\u00fablica o la evoluci\u00f3n de la confianza de los consumidores, que hacen que estemos ante una tendencia de ajuste muy paulatino y controlado.<\/p>\n<p>Por todo esto, al no tratarse de un problema intr\u00ednseco del mercado, sino de uno provocado por factores externos, esperamos que suceda, como ya hemos visto en otras ocasiones, un rebote con mucha fuerza.<\/p>\n<ul>\n<li><em>\u00bfQu\u00e9 consejo le dar\u00eda a aquellas personas que ahora mismo est\u00e9n pensando en comprar una vivienda? <\/em><\/li>\n<\/ul>\n<p>Para comprar una vivienda, lo primero que hay que hacer es ver viviendas, que se armen de paciencia para ver qu\u00e9 oferta hay en el mercado, que visiten pisos y que hablen con los profesionales del sector y se dejen asesorar. Lejos de que les cueste m\u00e1s caro, les adelanto que se pueden ahorrar dinero y desde luego problemas.<\/p>\n<div align=\"center\"><iframe loading=\"lazy\" title=\"YouTube video player\" src=\"https:\/\/www.youtube.com\/embed\/qmf-12JztZo \" width=\"560\" height=\"315\" frameborder=\"0\" allowfullscreen=\"allowfullscreen\"><\/iframe><\/div>\n","protected":false},"excerpt":{"rendered":"<p>Emiliano Berm\u00fadez, subdirector general de donpiso, analiza el panorama general del sector inmobiliario y las tendencias para el pr\u00f3ximo a\u00f1o. \u00bfCu\u00e1l es la situaci\u00f3n actual del mercado inmobiliario? Los \u00faltimos datos que estamos recogiendo a partir de fuentes como el Instituto Nacional de Estad\u00edstica (INE), Fomento, Registradores y notarios nos muestran que el mercado inmobiliario [&hellip;]<\/p>\n","protected":false},"author":2,"featured_media":7996,"comment_status":"open","ping_status":"open","sticky":false,"template":"","format":"standard","meta":[],"categories":[98,18],"tags":[119,181,180],"acf":[],"yoast_head":"<!-- This site is optimized with the Yoast SEO plugin v20.9 - https:\/\/yoast.com\/wordpress\/plugins\/seo\/ -->\n<title>Emiliano Berm\u00fadez: El enfriamiento del sector inmobiliario se prolongar\u00e1 en 2023 | Donpiso Blog<\/title>\n<meta name=\"robots\" content=\"index, follow, max-snippet:-1, max-image-preview:large, max-video-preview:-1\" \/>\n<link rel=\"canonical\" href=\"https:\/\/blog.donpiso.com\/emiliano-bermudez-enfriamiento-del-sector-inmobiliario-se-prolongara-2023\/\" \/>\n<meta property=\"og:locale\" content=\"es_ES\" \/>\n<meta property=\"og:type\" content=\"article\" \/>\n<meta property=\"og:title\" content=\"Emiliano Berm\u00fadez: El enfriamiento del sector inmobiliario se prolongar\u00e1 en 2023 | Donpiso Blog\" \/>\n<meta property=\"og:description\" content=\"Emiliano Berm\u00fadez, subdirector general de donpiso, analiza el panorama general del sector inmobiliario y las tendencias para el pr\u00f3ximo a\u00f1o. \u00bfCu\u00e1l es la situaci\u00f3n actual del mercado inmobiliario? Los \u00faltimos datos que estamos recogiendo a partir de fuentes como el Instituto Nacional de Estad\u00edstica (INE), Fomento, Registradores y notarios nos muestran que el mercado inmobiliario [&hellip;]\" \/>\n<meta property=\"og:url\" content=\"https:\/\/blog.donpiso.com\/emiliano-bermudez-enfriamiento-del-sector-inmobiliario-se-prolongara-2023\/\" \/>\n<meta property=\"og:site_name\" content=\"Donpiso Blog\" \/>\n<meta property=\"article:published_time\" content=\"2023-01-12T12:35:22+00:00\" \/>\n<meta property=\"og:image\" content=\"https:\/\/blog.donpiso.com\/wp-content\/uploads\/2023\/01\/blogdp.png\" \/>\n\t<meta property=\"og:image:width\" content=\"750\" \/>\n\t<meta property=\"og:image:height\" content=\"368\" \/>\n\t<meta property=\"og:image:type\" content=\"image\/png\" \/>\n<meta name=\"author\" content=\"donpiso\" \/>\n<meta name=\"twitter:card\" content=\"summary_large_image\" \/>\n<meta name=\"twitter:label1\" content=\"Escrito por\" \/>\n\t<meta name=\"twitter:data1\" content=\"donpiso\" \/>\n\t<meta name=\"twitter:label2\" content=\"Tiempo de lectura\" \/>\n\t<meta name=\"twitter:data2\" content=\"3 minutos\" \/>\n<script type=\"application\/ld+json\" class=\"yoast-schema-graph\">{\"@context\":\"https:\/\/schema.org\",\"@graph\":[{\"@type\":\"Article\",\"@id\":\"https:\/\/blog.donpiso.com\/emiliano-bermudez-enfriamiento-del-sector-inmobiliario-se-prolongara-2023\/#article\",\"isPartOf\":{\"@id\":\"https:\/\/blog.donpiso.com\/emiliano-bermudez-enfriamiento-del-sector-inmobiliario-se-prolongara-2023\/\"},\"author\":{\"name\":\"donpiso\",\"@id\":\"https:\/\/blog.donpiso.com\/#\/schema\/person\/157ffbbe0bf219a51ea30d72c1cda65e\"},\"headline\":\"Emiliano Berm\u00fadez: El enfriamiento del sector inmobiliario se prolongar\u00e1 en 2023\",\"datePublished\":\"2023-01-12T12:35:22+00:00\",\"dateModified\":\"2023-01-12T12:35:22+00:00\",\"mainEntityOfPage\":{\"@id\":\"https:\/\/blog.donpiso.com\/emiliano-bermudez-enfriamiento-del-sector-inmobiliario-se-prolongara-2023\/\"},\"wordCount\":630,\"commentCount\":0,\"publisher\":{\"@id\":\"https:\/\/blog.donpiso.com\/#organization\"},\"keywords\":[\"donpiso\",\"emiliano bermudez\",\"entrevista\"],\"articleSection\":[\"Actualidad\",\"donpiso\"],\"inLanguage\":\"es\",\"potentialAction\":[{\"@type\":\"CommentAction\",\"name\":\"Comment\",\"target\":[\"https:\/\/blog.donpiso.com\/emiliano-bermudez-enfriamiento-del-sector-inmobiliario-se-prolongara-2023\/#respond\"]}]},{\"@type\":\"WebPage\",\"@id\":\"https:\/\/blog.donpiso.com\/emiliano-bermudez-enfriamiento-del-sector-inmobiliario-se-prolongara-2023\/\",\"url\":\"https:\/\/blog.donpiso.com\/emiliano-bermudez-enfriamiento-del-sector-inmobiliario-se-prolongara-2023\/\",\"name\":\"Emiliano Berm\u00fadez: El enfriamiento del sector inmobiliario se prolongar\u00e1 en 2023 | Donpiso Blog\",\"isPartOf\":{\"@id\":\"https:\/\/blog.donpiso.com\/#website\"},\"datePublished\":\"2023-01-12T12:35:22+00:00\",\"dateModified\":\"2023-01-12T12:35:22+00:00\",\"breadcrumb\":{\"@id\":\"https:\/\/blog.donpiso.com\/emiliano-bermudez-enfriamiento-del-sector-inmobiliario-se-prolongara-2023\/#breadcrumb\"},\"inLanguage\":\"es\",\"potentialAction\":[{\"@type\":\"ReadAction\",\"target\":[\"https:\/\/blog.donpiso.com\/emiliano-bermudez-enfriamiento-del-sector-inmobiliario-se-prolongara-2023\/\"]}]},{\"@type\":\"BreadcrumbList\",\"@id\":\"https:\/\/blog.donpiso.com\/emiliano-bermudez-enfriamiento-del-sector-inmobiliario-se-prolongara-2023\/#breadcrumb\",\"itemListElement\":[{\"@type\":\"ListItem\",\"position\":1,\"name\":\"Blog inmobiliario\",\"item\":\"https:\/\/blog.donpiso.com\/\"},{\"@type\":\"ListItem\",\"position\":2,\"name\":\"donpiso\",\"item\":\"https:\/\/blog.donpiso.com\/donpiso\/\"},{\"@type\":\"ListItem\",\"position\":3,\"name\":\"Emiliano Berm\u00fadez: El enfriamiento del sector inmobiliario se prolongar\u00e1 en 2023\"}]},{\"@type\":\"WebSite\",\"@id\":\"https:\/\/blog.donpiso.com\/#website\",\"url\":\"https:\/\/blog.donpiso.com\/\",\"name\":\"Donpiso Blog\",\"description\":\"Blog de noticias inmobiliarias de donpiso\",\"publisher\":{\"@id\":\"https:\/\/blog.donpiso.com\/#organization\"},\"potentialAction\":[{\"@type\":\"SearchAction\",\"target\":{\"@type\":\"EntryPoint\",\"urlTemplate\":\"https:\/\/blog.donpiso.com\/?s={search_term_string}\"},\"query-input\":\"required name=search_term_string\"}],\"inLanguage\":\"es\"},{\"@type\":\"Organization\",\"@id\":\"https:\/\/blog.donpiso.com\/#organization\",\"name\":\"donpiso\",\"url\":\"https:\/\/blog.donpiso.com\/\",\"logo\":{\"@type\":\"ImageObject\",\"inLanguage\":\"es\",\"@id\":\"https:\/\/blog.donpiso.com\/#\/schema\/logo\/image\/\",\"url\":\"https:\/\/blog.donpiso.com\/wp-content\/uploads\/2022\/10\/donpiso-logo.png\",\"contentUrl\":\"https:\/\/blog.donpiso.com\/wp-content\/uploads\/2022\/10\/donpiso-logo.png\",\"width\":250,\"height\":250,\"caption\":\"donpiso\"},\"image\":{\"@id\":\"https:\/\/blog.donpiso.com\/#\/schema\/logo\/image\/\"}},{\"@type\":\"Person\",\"@id\":\"https:\/\/blog.donpiso.com\/#\/schema\/person\/157ffbbe0bf219a51ea30d72c1cda65e\",\"name\":\"donpiso\",\"image\":{\"@type\":\"ImageObject\",\"inLanguage\":\"es\",\"@id\":\"https:\/\/blog.donpiso.com\/#\/schema\/person\/image\/\",\"url\":\"https:\/\/secure.gravatar.com\/avatar\/46a4caeb66162ebf3a3db3be7a8b2ee1?s=96&d=mm&r=g\",\"contentUrl\":\"https:\/\/secure.gravatar.com\/avatar\/46a4caeb66162ebf3a3db3be7a8b2ee1?s=96&d=mm&r=g\",\"caption\":\"donpiso\"},\"sameAs\":[\"http:\/\/www.donpiso.com\"],\"url\":\"https:\/\/blog.donpiso.com\/author\/donpiso\/\"}]}<\/script>\n<!-- \/ Yoast SEO plugin. -->","yoast_head_json":{"title":"Emiliano Berm\u00fadez: El enfriamiento del sector inmobiliario se prolongar\u00e1 en 2023 | Donpiso Blog","robots":{"index":"index","follow":"follow","max-snippet":"max-snippet:-1","max-image-preview":"max-image-preview:large","max-video-preview":"max-video-preview:-1"},"canonical":"https:\/\/blog.donpiso.com\/emiliano-bermudez-enfriamiento-del-sector-inmobiliario-se-prolongara-2023\/","og_locale":"es_ES","og_type":"article","og_title":"Emiliano Berm\u00fadez: El enfriamiento del sector inmobiliario se prolongar\u00e1 en 2023 | Donpiso Blog","og_description":"Emiliano Berm\u00fadez, subdirector general de donpiso, analiza el panorama general del sector inmobiliario y las tendencias para el pr\u00f3ximo a\u00f1o. \u00bfCu\u00e1l es la situaci\u00f3n actual del mercado inmobiliario? Los \u00faltimos datos que estamos recogiendo a partir de fuentes como el Instituto Nacional de Estad\u00edstica (INE), Fomento, Registradores y notarios nos muestran que el mercado inmobiliario [&hellip;]","og_url":"https:\/\/blog.donpiso.com\/emiliano-bermudez-enfriamiento-del-sector-inmobiliario-se-prolongara-2023\/","og_site_name":"Donpiso Blog","article_published_time":"2023-01-12T12:35:22+00:00","og_image":[{"width":750,"height":368,"url":"https:\/\/blog.donpiso.com\/wp-content\/uploads\/2023\/01\/blogdp.png","type":"image\/png"}],"author":"donpiso","twitter_card":"summary_large_image","twitter_misc":{"Escrito por":"donpiso","Tiempo de lectura":"3 minutos"},"schema":{"@context":"https:\/\/schema.org","@graph":[{"@type":"Article","@id":"https:\/\/blog.donpiso.com\/emiliano-bermudez-enfriamiento-del-sector-inmobiliario-se-prolongara-2023\/#article","isPartOf":{"@id":"https:\/\/blog.donpiso.com\/emiliano-bermudez-enfriamiento-del-sector-inmobiliario-se-prolongara-2023\/"},"author":{"name":"donpiso","@id":"https:\/\/blog.donpiso.com\/#\/schema\/person\/157ffbbe0bf219a51ea30d72c1cda65e"},"headline":"Emiliano Berm\u00fadez: El enfriamiento del sector inmobiliario se prolongar\u00e1 en 2023","datePublished":"2023-01-12T12:35:22+00:00","dateModified":"2023-01-12T12:35:22+00:00","mainEntityOfPage":{"@id":"https:\/\/blog.donpiso.com\/emiliano-bermudez-enfriamiento-del-sector-inmobiliario-se-prolongara-2023\/"},"wordCount":630,"commentCount":0,"publisher":{"@id":"https:\/\/blog.donpiso.com\/#organization"},"keywords":["donpiso","emiliano bermudez","entrevista"],"articleSection":["Actualidad","donpiso"],"inLanguage":"es","potentialAction":[{"@type":"CommentAction","name":"Comment","target":["https:\/\/blog.donpiso.com\/emiliano-bermudez-enfriamiento-del-sector-inmobiliario-se-prolongara-2023\/#respond"]}]},{"@type":"WebPage","@id":"https:\/\/blog.donpiso.com\/emiliano-bermudez-enfriamiento-del-sector-inmobiliario-se-prolongara-2023\/","url":"https:\/\/blog.donpiso.com\/emiliano-bermudez-enfriamiento-del-sector-inmobiliario-se-prolongara-2023\/","name":"Emiliano Berm\u00fadez: El enfriamiento del sector inmobiliario se prolongar\u00e1 en 2023 | Donpiso Blog","isPartOf":{"@id":"https:\/\/blog.donpiso.com\/#website"},"datePublished":"2023-01-12T12:35:22+00:00","dateModified":"2023-01-12T12:35:22+00:00","breadcrumb":{"@id":"https:\/\/blog.donpiso.com\/emiliano-bermudez-enfriamiento-del-sector-inmobiliario-se-prolongara-2023\/#breadcrumb"},"inLanguage":"es","potentialAction":[{"@type":"ReadAction","target":["https:\/\/blog.donpiso.com\/emiliano-bermudez-enfriamiento-del-sector-inmobiliario-se-prolongara-2023\/"]}]},{"@type":"BreadcrumbList","@id":"https:\/\/blog.donpiso.com\/emiliano-bermudez-enfriamiento-del-sector-inmobiliario-se-prolongara-2023\/#breadcrumb","itemListElement":[{"@type":"ListItem","position":1,"name":"Blog inmobiliario","item":"https:\/\/blog.donpiso.com\/"},{"@type":"ListItem","position":2,"name":"donpiso","item":"https:\/\/blog.donpiso.com\/donpiso\/"},{"@type":"ListItem","position":3,"name":"Emiliano Berm\u00fadez: El enfriamiento del sector inmobiliario se prolongar\u00e1 en 2023"}]},{"@type":"WebSite","@id":"https:\/\/blog.donpiso.com\/#website","url":"https:\/\/blog.donpiso.com\/","name":"Donpiso Blog","description":"Blog de noticias inmobiliarias de donpiso","publisher":{"@id":"https:\/\/blog.donpiso.com\/#organization"},"potentialAction":[{"@type":"SearchAction","target":{"@type":"EntryPoint","urlTemplate":"https:\/\/blog.donpiso.com\/?s={search_term_string}"},"query-input":"required name=search_term_string"}],"inLanguage":"es"},{"@type":"Organization","@id":"https:\/\/blog.donpiso.com\/#organization","name":"donpiso","url":"https:\/\/blog.donpiso.com\/","logo":{"@type":"ImageObject","inLanguage":"es","@id":"https:\/\/blog.donpiso.com\/#\/schema\/logo\/image\/","url":"https:\/\/blog.donpiso.com\/wp-content\/uploads\/2022\/10\/donpiso-logo.png","contentUrl":"https:\/\/blog.donpiso.com\/wp-content\/uploads\/2022\/10\/donpiso-logo.png","width":250,"height":250,"caption":"donpiso"},"image":{"@id":"https:\/\/blog.donpiso.com\/#\/schema\/logo\/image\/"}},{"@type":"Person","@id":"https:\/\/blog.donpiso.com\/#\/schema\/person\/157ffbbe0bf219a51ea30d72c1cda65e","name":"donpiso","image":{"@type":"ImageObject","inLanguage":"es","@id":"https:\/\/blog.donpiso.com\/#\/schema\/person\/image\/","url":"https:\/\/secure.gravatar.com\/avatar\/46a4caeb66162ebf3a3db3be7a8b2ee1?s=96&d=mm&r=g","contentUrl":"https:\/\/secure.gravatar.com\/avatar\/46a4caeb66162ebf3a3db3be7a8b2ee1?s=96&d=mm&r=g","caption":"donpiso"},"sameAs":["http:\/\/www.donpiso.com"],"url":"https:\/\/blog.donpiso.com\/author\/donpiso\/"}]}},"_links":{"self":[{"href":"https:\/\/blog.donpiso.com\/wp-json\/wp\/v2\/posts\/7995"}],"collection":[{"href":"https:\/\/blog.donpiso.com\/wp-json\/wp\/v2\/posts"}],"about":[{"href":"https:\/\/blog.donpiso.com\/wp-json\/wp\/v2\/types\/post"}],"author":[{"embeddable":true,"href":"https:\/\/blog.donpiso.com\/wp-json\/wp\/v2\/users\/2"}],"replies":[{"embeddable":true,"href":"https:\/\/blog.donpiso.com\/wp-json\/wp\/v2\/comments?post=7995"}],"version-history":[{"count":1,"href":"https:\/\/blog.donpiso.com\/wp-json\/wp\/v2\/posts\/7995\/revisions"}],"predecessor-version":[{"id":7997,"href":"https:\/\/blog.donpiso.com\/wp-json\/wp\/v2\/posts\/7995\/revisions\/7997"}],"wp:featuredmedia":[{"embeddable":true,"href":"https:\/\/blog.donpiso.com\/wp-json\/wp\/v2\/media\/7996"}],"wp:attachment":[{"href":"https:\/\/blog.donpiso.com\/wp-json\/wp\/v2\/media?parent=7995"}],"wp:term":[{"taxonomy":"category","embeddable":true,"href":"https:\/\/blog.donpiso.com\/wp-json\/wp\/v2\/categories?post=7995"},{"taxonomy":"post_tag","embeddable":true,"href":"https:\/\/blog.donpiso.com\/wp-json\/wp\/v2\/tags?post=7995"}],"curies":[{"name":"wp","href":"https:\/\/api.w.org\/{rel}","templated":true}]}}