{"id":855,"date":"2016-07-10T09:00:04","date_gmt":"2016-07-10T07:00:04","guid":{"rendered":"http:\/\/blog.donpiso.com\/?p=855"},"modified":"2022-02-24T22:05:29","modified_gmt":"2022-02-24T21:05:29","slug":"los-espanoles-gastaran-1-000-euros-vacaciones","status":"publish","type":"post","link":"https:\/\/blog.donpiso.com\/los-espanoles-gastaran-1-000-euros-vacaciones\/","title":{"rendered":"Los espa\u00f1oles gastar\u00e1n hasta 1.000 euros en sus vacaciones"},"content":{"rendered":"<p>\u00bfSab\u00edas que los espa\u00f1oles est\u00e1n dispuestos a gastar un 3,4% m\u00e1s este verano en sus vacaciones? Entre otros gastos, este aumento del presupuesto familiar destinado a las vacaciones responde a la subida de los alquileres en la costa espa\u00f1ola, un 20% m\u00e1s caros que hace dos a\u00f1os.<\/p>\n<p>Seg\u00fan las conclusiones del observatorio mensual de Cetelem, entidad bancaria especializada en la concesi\u00f3n de cr\u00e9ditos al consumo, el gasto medio previsto ser\u00e1 de 1.010 euros, lo que supone un 3,4% de incremento respecto al a\u00f1o anterior. Adem\u00e1s, el 40% piensa hospedarse en hoteles y apartamentos, tres puntos porcentuales m\u00e1s que en 2015. Dos de cada diez encuestados por esta entidad tiene intenci\u00f3n de realizar\u00a0un gasto m\u00e1s elevado que en las vacaciones\u00a0del a\u00f1o pasado.<\/p>\n<p>Pero, \u00bfa qu\u00e9 se debe este aumento? M\u00e1s all\u00e1 de la recuperaci\u00f3n econ\u00f3mica global, la crecida del presupuesto vacacional va ligado a la subida de los precios del alquiler de apartamentos en la costa. El precio medio semanal para los meses de julio\u00a0y agosto se sit\u00faa en 664 euros. Es un 20% m\u00e1s alto que en 2014, seg\u00fan adelanta la tasadora TecniTasa de su informe anual de alquiler en costa. La diferencia de precios entre una ciudad con playa y un municipio llega a ser el doble.<\/p>\n<p>Ahora bien, esta media sube o baja de forma considerable seg\u00fan el destino que se elija. Los litorales de Almer\u00eda (341 euros la semana), R\u00edas Altas (373 euros) y R\u00edas Baixas (389 euros) son los m\u00e1s asequibles, mientras que Baleares (1.250 euros), Costa Brava (932 euros) y Costa del Garraf (780 euros) pueden llegar a ser cuatro veces m\u00e1s caros, seg\u00fan el portal Pisos.com.<\/p>\n<p>Ibiza se confirma como uno de los destinos m\u00e1s deseados. En Playa d&#8217;en Bossa una vivienda de 70 metros cuadrados de superficie se alquila en julio y agosto por 2.065 euros, cuando el pasado verano eran 1.680 euros. Un inmueble en primera l\u00ednea puede suponer un desembolso de entre 1.300 y 1.400 euros, apuntan en la tasadora.<\/p>\n<p>En la misma banda de precios est\u00e1n Catalunya,\u00a0C\u00e1diz y M\u00e1laga. En Salou (Tarragona) hay apartamentos de 60 metros cuadrados por los que se piden 1.100 euros y en Sitges (Barcelona) uno de 90 metros se arrienda por 1.200 euros.<\/p>\n","protected":false},"excerpt":{"rendered":"<p>\u00bfSab\u00edas que los espa\u00f1oles est\u00e1n dispuestos a gastar un 3,4% m\u00e1s este verano en sus vacaciones? Entre otros gastos, este aumento del presupuesto familiar destinado a las vacaciones responde a la subida de los alquileres en la costa espa\u00f1ola, un 20% m\u00e1s caros que hace dos a\u00f1os. Seg\u00fan las conclusiones del observatorio mensual de Cetelem, [&hellip;]<\/p>\n","protected":false},"author":2,"featured_media":856,"comment_status":"open","ping_status":"open","sticky":false,"template":"","format":"standard","meta":[],"categories":[19,108,113,109],"tags":[],"acf":[],"yoast_head":"<!-- This site is optimized with the Yoast SEO plugin v20.9 - https:\/\/yoast.com\/wordpress\/plugins\/seo\/ -->\n<title>Los espa\u00f1oles gastar\u00e1n hasta 1.000 euros en sus vacaciones<\/title>\n<meta name=\"description\" content=\"\u00bfSab\u00edas que los espa\u00f1oles est\u00e1n dispuestos a gastar un 3,4% m\u00e1s este verano en sus vacaciones?\" \/>\n<meta name=\"robots\" content=\"index, follow, max-snippet:-1, max-image-preview:large, max-video-preview:-1\" \/>\n<link rel=\"canonical\" href=\"https:\/\/blog.donpiso.com\/los-espanoles-gastaran-1-000-euros-vacaciones\/\" \/>\n<meta property=\"og:locale\" content=\"es_ES\" \/>\n<meta property=\"og:type\" content=\"article\" \/>\n<meta property=\"og:title\" content=\"Los espa\u00f1oles gastar\u00e1n hasta 1.000 euros en sus vacaciones\" \/>\n<meta property=\"og:description\" content=\"\u00bfSab\u00edas que los espa\u00f1oles est\u00e1n dispuestos a gastar un 3,4% m\u00e1s este verano en sus vacaciones?\" \/>\n<meta property=\"og:url\" content=\"https:\/\/blog.donpiso.com\/los-espanoles-gastaran-1-000-euros-vacaciones\/\" \/>\n<meta property=\"og:site_name\" content=\"Donpiso Blog\" \/>\n<meta property=\"article:published_time\" content=\"2016-07-10T07:00:04+00:00\" \/>\n<meta property=\"article:modified_time\" content=\"2022-02-24T21:05:29+00:00\" \/>\n<meta property=\"og:image\" content=\"https:\/\/blog.donpiso.com\/wp-content\/uploads\/2016\/07\/vacaciones.jpg\" \/>\n\t<meta property=\"og:image:width\" content=\"2122\" \/>\n\t<meta property=\"og:image:height\" content=\"1415\" \/>\n\t<meta property=\"og:image:type\" content=\"image\/jpeg\" \/>\n<meta name=\"author\" content=\"donpiso\" \/>\n<meta name=\"twitter:card\" content=\"summary_large_image\" \/>\n<meta name=\"twitter:label1\" content=\"Escrito por\" \/>\n\t<meta name=\"twitter:data1\" content=\"donpiso\" \/>\n\t<meta name=\"twitter:label2\" content=\"Tiempo de lectura\" \/>\n\t<meta name=\"twitter:data2\" content=\"2 minutos\" \/>\n<script type=\"application\/ld+json\" class=\"yoast-schema-graph\">{\"@context\":\"https:\/\/schema.org\",\"@graph\":[{\"@type\":\"Article\",\"@id\":\"https:\/\/blog.donpiso.com\/los-espanoles-gastaran-1-000-euros-vacaciones\/#article\",\"isPartOf\":{\"@id\":\"https:\/\/blog.donpiso.com\/los-espanoles-gastaran-1-000-euros-vacaciones\/\"},\"author\":{\"name\":\"donpiso\",\"@id\":\"https:\/\/blog.donpiso.com\/#\/schema\/person\/157ffbbe0bf219a51ea30d72c1cda65e\"},\"headline\":\"Los espa\u00f1oles gastar\u00e1n hasta 1.000 euros en sus vacaciones\",\"datePublished\":\"2016-07-10T07:00:04+00:00\",\"dateModified\":\"2022-02-24T21:05:29+00:00\",\"mainEntityOfPage\":{\"@id\":\"https:\/\/blog.donpiso.com\/los-espanoles-gastaran-1-000-euros-vacaciones\/\"},\"wordCount\":394,\"commentCount\":0,\"publisher\":{\"@id\":\"https:\/\/blog.donpiso.com\/#organization\"},\"articleSection\":[\"Econom\u00eda\",\"Gastos e Inversiones\",\"Informes\",\"Recursos\"],\"inLanguage\":\"es\",\"potentialAction\":[{\"@type\":\"CommentAction\",\"name\":\"Comment\",\"target\":[\"https:\/\/blog.donpiso.com\/los-espanoles-gastaran-1-000-euros-vacaciones\/#respond\"]}]},{\"@type\":\"WebPage\",\"@id\":\"https:\/\/blog.donpiso.com\/los-espanoles-gastaran-1-000-euros-vacaciones\/\",\"url\":\"https:\/\/blog.donpiso.com\/los-espanoles-gastaran-1-000-euros-vacaciones\/\",\"name\":\"Los espa\u00f1oles gastar\u00e1n hasta 1.000 euros en sus vacaciones\",\"isPartOf\":{\"@id\":\"https:\/\/blog.donpiso.com\/#website\"},\"datePublished\":\"2016-07-10T07:00:04+00:00\",\"dateModified\":\"2022-02-24T21:05:29+00:00\",\"description\":\"\u00bfSab\u00edas que los espa\u00f1oles est\u00e1n dispuestos a gastar un 3,4% m\u00e1s este verano en sus vacaciones?\",\"breadcrumb\":{\"@id\":\"https:\/\/blog.donpiso.com\/los-espanoles-gastaran-1-000-euros-vacaciones\/#breadcrumb\"},\"inLanguage\":\"es\",\"potentialAction\":[{\"@type\":\"ReadAction\",\"target\":[\"https:\/\/blog.donpiso.com\/los-espanoles-gastaran-1-000-euros-vacaciones\/\"]}]},{\"@type\":\"BreadcrumbList\",\"@id\":\"https:\/\/blog.donpiso.com\/los-espanoles-gastaran-1-000-euros-vacaciones\/#breadcrumb\",\"itemListElement\":[{\"@type\":\"ListItem\",\"position\":1,\"name\":\"Blog inmobiliario\",\"item\":\"https:\/\/blog.donpiso.com\/\"},{\"@type\":\"ListItem\",\"position\":2,\"name\":\"Econom\u00eda\",\"item\":\"https:\/\/blog.donpiso.com\/economia\/\"},{\"@type\":\"ListItem\",\"position\":3,\"name\":\"Los espa\u00f1oles gastar\u00e1n hasta 1.000 euros en sus vacaciones\"}]},{\"@type\":\"WebSite\",\"@id\":\"https:\/\/blog.donpiso.com\/#website\",\"url\":\"https:\/\/blog.donpiso.com\/\",\"name\":\"Donpiso Blog\",\"description\":\"Blog de noticias inmobiliarias de donpiso\",\"publisher\":{\"@id\":\"https:\/\/blog.donpiso.com\/#organization\"},\"potentialAction\":[{\"@type\":\"SearchAction\",\"target\":{\"@type\":\"EntryPoint\",\"urlTemplate\":\"https:\/\/blog.donpiso.com\/?s={search_term_string}\"},\"query-input\":\"required name=search_term_string\"}],\"inLanguage\":\"es\"},{\"@type\":\"Organization\",\"@id\":\"https:\/\/blog.donpiso.com\/#organization\",\"name\":\"donpiso\",\"url\":\"https:\/\/blog.donpiso.com\/\",\"logo\":{\"@type\":\"ImageObject\",\"inLanguage\":\"es\",\"@id\":\"https:\/\/blog.donpiso.com\/#\/schema\/logo\/image\/\",\"url\":\"https:\/\/blog.donpiso.com\/wp-content\/uploads\/2022\/10\/donpiso-logo.png\",\"contentUrl\":\"https:\/\/blog.donpiso.com\/wp-content\/uploads\/2022\/10\/donpiso-logo.png\",\"width\":250,\"height\":250,\"caption\":\"donpiso\"},\"image\":{\"@id\":\"https:\/\/blog.donpiso.com\/#\/schema\/logo\/image\/\"}},{\"@type\":\"Person\",\"@id\":\"https:\/\/blog.donpiso.com\/#\/schema\/person\/157ffbbe0bf219a51ea30d72c1cda65e\",\"name\":\"donpiso\",\"image\":{\"@type\":\"ImageObject\",\"inLanguage\":\"es\",\"@id\":\"https:\/\/blog.donpiso.com\/#\/schema\/person\/image\/\",\"url\":\"https:\/\/secure.gravatar.com\/avatar\/46a4caeb66162ebf3a3db3be7a8b2ee1?s=96&d=mm&r=g\",\"contentUrl\":\"https:\/\/secure.gravatar.com\/avatar\/46a4caeb66162ebf3a3db3be7a8b2ee1?s=96&d=mm&r=g\",\"caption\":\"donpiso\"},\"sameAs\":[\"http:\/\/www.donpiso.com\"],\"url\":\"https:\/\/blog.donpiso.com\/author\/donpiso\/\"}]}<\/script>\n<!-- \/ Yoast SEO plugin. -->","yoast_head_json":{"title":"Los espa\u00f1oles gastar\u00e1n hasta 1.000 euros en sus vacaciones","description":"\u00bfSab\u00edas que los espa\u00f1oles est\u00e1n dispuestos a gastar un 3,4% m\u00e1s este verano en sus vacaciones?","robots":{"index":"index","follow":"follow","max-snippet":"max-snippet:-1","max-image-preview":"max-image-preview:large","max-video-preview":"max-video-preview:-1"},"canonical":"https:\/\/blog.donpiso.com\/los-espanoles-gastaran-1-000-euros-vacaciones\/","og_locale":"es_ES","og_type":"article","og_title":"Los espa\u00f1oles gastar\u00e1n hasta 1.000 euros en sus vacaciones","og_description":"\u00bfSab\u00edas que los espa\u00f1oles est\u00e1n dispuestos a gastar un 3,4% m\u00e1s este verano en sus vacaciones?","og_url":"https:\/\/blog.donpiso.com\/los-espanoles-gastaran-1-000-euros-vacaciones\/","og_site_name":"Donpiso Blog","article_published_time":"2016-07-10T07:00:04+00:00","article_modified_time":"2022-02-24T21:05:29+00:00","og_image":[{"width":2122,"height":1415,"url":"https:\/\/blog.donpiso.com\/wp-content\/uploads\/2016\/07\/vacaciones.jpg","type":"image\/jpeg"}],"author":"donpiso","twitter_card":"summary_large_image","twitter_misc":{"Escrito por":"donpiso","Tiempo de lectura":"2 minutos"},"schema":{"@context":"https:\/\/schema.org","@graph":[{"@type":"Article","@id":"https:\/\/blog.donpiso.com\/los-espanoles-gastaran-1-000-euros-vacaciones\/#article","isPartOf":{"@id":"https:\/\/blog.donpiso.com\/los-espanoles-gastaran-1-000-euros-vacaciones\/"},"author":{"name":"donpiso","@id":"https:\/\/blog.donpiso.com\/#\/schema\/person\/157ffbbe0bf219a51ea30d72c1cda65e"},"headline":"Los espa\u00f1oles gastar\u00e1n hasta 1.000 euros en sus vacaciones","datePublished":"2016-07-10T07:00:04+00:00","dateModified":"2022-02-24T21:05:29+00:00","mainEntityOfPage":{"@id":"https:\/\/blog.donpiso.com\/los-espanoles-gastaran-1-000-euros-vacaciones\/"},"wordCount":394,"commentCount":0,"publisher":{"@id":"https:\/\/blog.donpiso.com\/#organization"},"articleSection":["Econom\u00eda","Gastos e Inversiones","Informes","Recursos"],"inLanguage":"es","potentialAction":[{"@type":"CommentAction","name":"Comment","target":["https:\/\/blog.donpiso.com\/los-espanoles-gastaran-1-000-euros-vacaciones\/#respond"]}]},{"@type":"WebPage","@id":"https:\/\/blog.donpiso.com\/los-espanoles-gastaran-1-000-euros-vacaciones\/","url":"https:\/\/blog.donpiso.com\/los-espanoles-gastaran-1-000-euros-vacaciones\/","name":"Los espa\u00f1oles gastar\u00e1n hasta 1.000 euros en sus vacaciones","isPartOf":{"@id":"https:\/\/blog.donpiso.com\/#website"},"datePublished":"2016-07-10T07:00:04+00:00","dateModified":"2022-02-24T21:05:29+00:00","description":"\u00bfSab\u00edas que los espa\u00f1oles est\u00e1n dispuestos a gastar un 3,4% m\u00e1s este verano en sus vacaciones?","breadcrumb":{"@id":"https:\/\/blog.donpiso.com\/los-espanoles-gastaran-1-000-euros-vacaciones\/#breadcrumb"},"inLanguage":"es","potentialAction":[{"@type":"ReadAction","target":["https:\/\/blog.donpiso.com\/los-espanoles-gastaran-1-000-euros-vacaciones\/"]}]},{"@type":"BreadcrumbList","@id":"https:\/\/blog.donpiso.com\/los-espanoles-gastaran-1-000-euros-vacaciones\/#breadcrumb","itemListElement":[{"@type":"ListItem","position":1,"name":"Blog inmobiliario","item":"https:\/\/blog.donpiso.com\/"},{"@type":"ListItem","position":2,"name":"Econom\u00eda","item":"https:\/\/blog.donpiso.com\/economia\/"},{"@type":"ListItem","position":3,"name":"Los espa\u00f1oles gastar\u00e1n hasta 1.000 euros en sus vacaciones"}]},{"@type":"WebSite","@id":"https:\/\/blog.donpiso.com\/#website","url":"https:\/\/blog.donpiso.com\/","name":"Donpiso Blog","description":"Blog de noticias inmobiliarias de donpiso","publisher":{"@id":"https:\/\/blog.donpiso.com\/#organization"},"potentialAction":[{"@type":"SearchAction","target":{"@type":"EntryPoint","urlTemplate":"https:\/\/blog.donpiso.com\/?s={search_term_string}"},"query-input":"required name=search_term_string"}],"inLanguage":"es"},{"@type":"Organization","@id":"https:\/\/blog.donpiso.com\/#organization","name":"donpiso","url":"https:\/\/blog.donpiso.com\/","logo":{"@type":"ImageObject","inLanguage":"es","@id":"https:\/\/blog.donpiso.com\/#\/schema\/logo\/image\/","url":"https:\/\/blog.donpiso.com\/wp-content\/uploads\/2022\/10\/donpiso-logo.png","contentUrl":"https:\/\/blog.donpiso.com\/wp-content\/uploads\/2022\/10\/donpiso-logo.png","width":250,"height":250,"caption":"donpiso"},"image":{"@id":"https:\/\/blog.donpiso.com\/#\/schema\/logo\/image\/"}},{"@type":"Person","@id":"https:\/\/blog.donpiso.com\/#\/schema\/person\/157ffbbe0bf219a51ea30d72c1cda65e","name":"donpiso","image":{"@type":"ImageObject","inLanguage":"es","@id":"https:\/\/blog.donpiso.com\/#\/schema\/person\/image\/","url":"https:\/\/secure.gravatar.com\/avatar\/46a4caeb66162ebf3a3db3be7a8b2ee1?s=96&d=mm&r=g","contentUrl":"https:\/\/secure.gravatar.com\/avatar\/46a4caeb66162ebf3a3db3be7a8b2ee1?s=96&d=mm&r=g","caption":"donpiso"},"sameAs":["http:\/\/www.donpiso.com"],"url":"https:\/\/blog.donpiso.com\/author\/donpiso\/"}]}},"_links":{"self":[{"href":"https:\/\/blog.donpiso.com\/wp-json\/wp\/v2\/posts\/855"}],"collection":[{"href":"https:\/\/blog.donpiso.com\/wp-json\/wp\/v2\/posts"}],"about":[{"href":"https:\/\/blog.donpiso.com\/wp-json\/wp\/v2\/types\/post"}],"author":[{"embeddable":true,"href":"https:\/\/blog.donpiso.com\/wp-json\/wp\/v2\/users\/2"}],"replies":[{"embeddable":true,"href":"https:\/\/blog.donpiso.com\/wp-json\/wp\/v2\/comments?post=855"}],"version-history":[{"count":1,"href":"https:\/\/blog.donpiso.com\/wp-json\/wp\/v2\/posts\/855\/revisions"}],"predecessor-version":[{"id":857,"href":"https:\/\/blog.donpiso.com\/wp-json\/wp\/v2\/posts\/855\/revisions\/857"}],"wp:featuredmedia":[{"embeddable":true,"href":"https:\/\/blog.donpiso.com\/wp-json\/wp\/v2\/media\/856"}],"wp:attachment":[{"href":"https:\/\/blog.donpiso.com\/wp-json\/wp\/v2\/media?parent=855"}],"wp:term":[{"taxonomy":"category","embeddable":true,"href":"https:\/\/blog.donpiso.com\/wp-json\/wp\/v2\/categories?post=855"},{"taxonomy":"post_tag","embeddable":true,"href":"https:\/\/blog.donpiso.com\/wp-json\/wp\/v2\/tags?post=855"}],"curies":[{"name":"wp","href":"https:\/\/api.w.org\/{rel}","templated":true}]}}